{"id":1339,"date":"2015-02-13T12:42:40","date_gmt":"2015-02-13T11:42:40","guid":{"rendered":"http:\/\/luise-marcks.de\/?p=1339"},"modified":"2015-03-30T15:03:49","modified_gmt":"2015-03-30T14:03:49","slug":"3-wichtelgeschichte-in-wichtel-steckt-musik","status":"publish","type":"post","link":"https:\/\/luise-marcks.de\/?p=1339","title":{"rendered":"6. Wichtelgeschichte &#8211; In Wichtel steckt Musik"},"content":{"rendered":"<p>Anna und Andrea fingen gemeinsam an Fl\u00f6te zu lernen. Beide bekamen eine Blockfl\u00f6te, einen Notenst\u00e4nder und ein Heft. Fast jede Woche lernten sie einen neuen Ton. Bald konnten sie kleine Lieder spielen. Wichtel gefiel es besonders gut, wenn sie gemeinsam spielten, eine die hohen, eine die tiefen T\u00f6ne. Warm und gem\u00fctlich klang das. Aber Anna war nicht so eifrig im \u00dcben. So blieb Andrea mit den zwei Stimmen alleine. Geduldig spielte sie sie nacheinander. Aber das schien ihm nicht ganz das Rechte zu sein. Als gerade die hohe Stimme wieder an der Reihe war, f\u00fchlte sich Wichtel pl\u00f6tzlich ganz voller Wohlwollen. Und pl\u00f6tzlich kamen die tiefen T\u00f6ne aus seinem eigenen Bauch. Erschrocken schaute sich Andrea um: &#8222;Anna, bist du etwa unter dem Bett.&#8220; Aber da war niemand. Auch nicht hinter der T\u00fcr. &#8222;Vielleicht bin ich ja so musikalisch, dass ich die zweite Stimme in meinem Kopf h\u00f6re?&#8220;, dachte Andrea bei sich. Sie h\u00f6rte gerne, wenn die Leute sie musikalisch nannten, wenn es um die Fl\u00f6te ging. Singen war ihr eher fremd.<br \/>\nVoll Schwung blies sie weiter die erste Stimme. Und h\u00f6rte die zweite auch. Dann spielte sie zarter, lauschte. Daher kam der Ton. Da aus dem Regal. <a href=\"http:\/\/luise-marcks.de\/?attachment_id=1604\" rel=\"attachment wp-att-1604\"><img decoding=\"async\" loading=\"lazy\" class=\"alignleft size-thumbnail wp-image-1604\" src=\"http:\/\/luise-marcks.de\/wp-content\/uploads\/2014\/09\/P1000834-250x250.jpg\" alt=\"P1000834\" width=\"250\" height=\"250\" \/><\/a>Da wo Wichtel stand.<\/p>\n<p>Der Ton kam aus seinem Bauch. Eindeutig.<\/p>\n<p>Anna kam mit der Fl\u00f6te. &#8222;Soll ich die zweite Stimme spielen?&#8220; &#8222;Nein, h\u00f6r mal, Wichtel kann das auch,&#8220; verriet Andrea der Freundin. Aber der war ganz still. Dabei wollte er doch gerne weiter brummen. Aber Wohlwollen l\u00e4sst sich nicht vorf\u00fchren. Das mit der Musik ging nur, wenn er mit Andrea alleine war.<\/p>\n","protected":false},"excerpt":{"rendered":"<p>Anna und Andrea fingen gemeinsam an Fl\u00f6te zu lernen. Beide bekamen eine Blockfl\u00f6te, einen Notenst\u00e4nder und ein Heft. Fast jede Woche lernten sie einen neuen Ton. Bald konnten sie kleine Lieder spielen. Wichtel gefiel es besonders gut, wenn sie gemeinsam spielten, eine die hohen, eine die tiefen T\u00f6ne. Warm und gem\u00fctlich klang das. Aber Anna &hellip; <a href=\"https:\/\/luise-marcks.de\/?p=1339\" class=\"more-link\"><span class=\"screen-reader-text\">6. Wichtelgeschichte &#8211; In Wichtel steckt Musik<\/span> weiterlesen<\/a><\/p>\n","protected":false},"author":1,"featured_media":0,"comment_status":"open","ping_status":"open","sticky":false,"template":"","format":"standard","meta":[],"categories":[22],"tags":[],"_links":{"self":[{"href":"https:\/\/luise-marcks.de\/index.php?rest_route=\/wp\/v2\/posts\/1339"}],"collection":[{"href":"https:\/\/luise-marcks.de\/index.php?rest_route=\/wp\/v2\/posts"}],"about":[{"href":"https:\/\/luise-marcks.de\/index.php?rest_route=\/wp\/v2\/types\/post"}],"author":[{"embeddable":true,"href":"https:\/\/luise-marcks.de\/index.php?rest_route=\/wp\/v2\/users\/1"}],"replies":[{"embeddable":true,"href":"https:\/\/luise-marcks.de\/index.php?rest_route=%2Fwp%2Fv2%2Fcomments&post=1339"}],"version-history":[{"count":9,"href":"https:\/\/luise-marcks.de\/index.php?rest_route=\/wp\/v2\/posts\/1339\/revisions"}],"predecessor-version":[{"id":1628,"href":"https:\/\/luise-marcks.de\/index.php?rest_route=\/wp\/v2\/posts\/1339\/revisions\/1628"}],"wp:attachment":[{"href":"https:\/\/luise-marcks.de\/index.php?rest_route=%2Fwp%2Fv2%2Fmedia&parent=1339"}],"wp:term":[{"taxonomy":"category","embeddable":true,"href":"https:\/\/luise-marcks.de\/index.php?rest_route=%2Fwp%2Fv2%2Fcategories&post=1339"},{"taxonomy":"post_tag","embeddable":true,"href":"https:\/\/luise-marcks.de\/index.php?rest_route=%2Fwp%2Fv2%2Ftags&post=1339"}],"curies":[{"name":"wp","href":"https:\/\/api.w.org\/{rel}","templated":true}]}}